{"id":1914,"date":"2017-08-30T19:02:25","date_gmt":"2017-08-30T17:02:25","guid":{"rendered":"http:\/\/www.ini-hl-land.de\/?p=1914"},"modified":"2017-08-30T19:02:25","modified_gmt":"2017-08-30T17:02:25","slug":"3-kultursommertag-am-kanal-sonntag-den-10-september-2017","status":"publish","type":"post","link":"https:\/\/ini-hl-land.de\/?p=1914","title":{"rendered":"3. Kultursommertag am Kanal &#8211; Sonntag, den 10. September 2017"},"content":{"rendered":"<p>&nbsp;<\/p>\n<p>Viele spannende Informationen zu Vereinen, Verb\u00e4nden und\u00a0Institutionen\u00a0gibt es beim 3. Kultursommertag am Kanal. Der gemeinn\u00fctzige Stadtteilverein &#8222;Initiative f\u00fcr L\u00fcbecks l\u00e4ndlichen Raum e.V.&#8220;\u00a0veranstaltet das Kulturevent\u00a0 auf dem Betriebsplatz des Wasser- und Schifffahrtsamtes an der Kanalbr\u00fccke in Kronsforde. Initiator Detlev Stolzenberg vom Stadtteilverein erl\u00e4utert die Hintergr\u00fcnde: &#8222;Der Kultursommertag ist mehr als nur\u00a0Stadtteilfest mit Spa\u00df und guter Unterhaltung.\u00a0Uns geht es zus\u00e4tzlich darum,\u00a0die tollen\u00a0Angebote im l\u00e4ndlichen Raum zu f\u00f6rdern und die Akteure in der Region zu vernetzen.\u00a0Wir wollen den Kunst- und Kulturschaffenden, den Vereinen, Verb\u00e4nden und Institutionen ein Podium geben,\u00a0ihre Projekte vorzustellen und\u00a0f\u00fcr ihre Angebote zu werben und Nachwuchs zu generieren.&#8220;<\/p>\n<p>Als Tochterverein der &#8222;GEMEINN\u00dcTZIGEN&#8220; ist die Initiative auch in besonderem Ma\u00dfe der Kultur verpflichtet. In diesem Jahr hat Christian Martin Lukas von der LTM die Schirmherrschaft \u00fcbernommen und er\u00f6ffnet den <strong>3. Kultursommertag um 13 Uhr.<\/strong><\/p>\n<p>Auch in diesem Jahr sind die Kreisverb\u00e4nde der Sportfischer, der J\u00e4ger und der Landwirte wieder mit dabei. Die Feuerwehr, HanseObst, der Stadtwald, der G\u00fcne Kreis, die Entsorgungsbetriebe, das trib\u00fcHne-Theater, der Salzprahm, die Stecknitz-Region und Regiobranding\u00a0informieren \u00fcber ihr Anliegen.\u00a0\u00a0K\u00fcnstler aus der Region stellen Werke zum anfassen und zuh\u00f6ren vor. Die Arbeiten zum Fotowettbewerb &#8222;Essen und Trinken in L\u00fcbecks S\u00fcden&#8220;\u00a0werden ausgestellt und vom Publikum bewertet. Alles in allem ein vielf\u00e4ltiges Angebot zum Sehen, H\u00f6ren und (teils zum) Anfassen.<\/p>\n<p>Wie im vergangenen Jahr zum Tag des offenen Denkmals haben sich die Veranstalter etwas Besonderes einfallen lassen. In Kooperation mit dem Museumshafen f\u00e4hrt der historische Schlepper TITAN wieder zum Kultursommtertag nach Kronsforde. Einige Pl\u00e4tze auf dem Schiff k\u00f6nnen noch vergeben werden.\u00a0Abfahrt vom Museumshafen an\u00a0der Untertrave ist voraussichtlich um 9.30 Uhr. Mitfahrinteressierte k\u00f6nnen sich\u00a0bei Detlev Stolzenberg unter Telefon 0163-6352000 anmelden. In Kronsforde l\u00e4dt das fahrende Kulturdenkmal dann zu kurzen Fahrten und einer Besichtigung &#8222;Open Ship&#8220; ein.<\/p>\n<p>Der Kultursommertag wird\u00a0von der Possehl-Stifung und der Gemeinn\u00fctzigen Sparkassenstiftung gef\u00f6rdert.<\/p>\n<p>&nbsp;<\/p>\n","protected":false},"excerpt":{"rendered":"<p>&nbsp; Viele spannende Informationen zu Vereinen, Verb\u00e4nden und\u00a0Institutionen\u00a0gibt es beim 3. Kultursommertag am Kanal. Der gemeinn\u00fctzige Stadtteilverein &#8222;Initiative f\u00fcr L\u00fcbecks l\u00e4ndlichen Raum e.V.&#8220;\u00a0veranstaltet das Kulturevent\u00a0 auf dem Betriebsplatz des Wasser- und Schifffahrtsamtes an der Kanalbr\u00fccke in Kronsforde. Initiator Detlev Stolzenberg vom Stadtteilverein erl\u00e4utert die Hintergr\u00fcnde: &#8222;Der Kultursommertag ist mehr als nur\u00a0Stadtteilfest mit Spa\u00df und guter [&hellip;]<\/p>\n","protected":false},"author":3,"featured_media":1210,"comment_status":"open","ping_status":"open","sticky":false,"template":"","format":"standard","meta":{"ocean_post_layout":"","ocean_both_sidebars_style":"","ocean_both_sidebars_content_width":0,"ocean_both_sidebars_sidebars_width":0,"ocean_sidebar":"","ocean_second_sidebar":"","ocean_disable_margins":"enable","ocean_add_body_class":"","ocean_shortcode_before_top_bar":"","ocean_shortcode_after_top_bar":"","ocean_shortcode_before_header":"","ocean_shortcode_after_header":"","ocean_has_shortcode":"","ocean_shortcode_after_title":"","ocean_shortcode_before_footer_widgets":"","ocean_shortcode_after_footer_widgets":"","ocean_shortcode_before_footer_bottom":"","ocean_shortcode_after_footer_bottom":"","ocean_display_top_bar":"default","ocean_display_header":"default","ocean_header_style":"","ocean_center_header_left_menu":"","ocean_custom_header_template":"","ocean_custom_logo":0,"ocean_custom_retina_logo":0,"ocean_custom_logo_max_width":0,"ocean_custom_logo_tablet_max_width":0,"ocean_custom_logo_mobile_max_width":0,"ocean_custom_logo_max_height":0,"ocean_custom_logo_tablet_max_height":0,"ocean_custom_logo_mobile_max_height":0,"ocean_header_custom_menu":"","ocean_menu_typo_font_family":"","ocean_menu_typo_font_subset":"","ocean_menu_typo_font_size":0,"ocean_menu_typo_font_size_tablet":0,"ocean_menu_typo_font_size_mobile":0,"ocean_menu_typo_font_size_unit":"px","ocean_menu_typo_font_weight":"","ocean_menu_typo_font_weight_tablet":"","ocean_menu_typo_font_weight_mobile":"","ocean_menu_typo_transform":"","ocean_menu_typo_transform_tablet":"","ocean_menu_typo_transform_mobile":"","ocean_menu_typo_line_height":0,"ocean_menu_typo_line_height_tablet":0,"ocean_menu_typo_line_height_mobile":0,"ocean_menu_typo_line_height_unit":"","ocean_menu_typo_spacing":0,"ocean_menu_typo_spacing_tablet":0,"ocean_menu_typo_spacing_mobile":0,"ocean_menu_typo_spacing_unit":"","ocean_menu_link_color":"","ocean_menu_link_color_hover":"","ocean_menu_link_color_active":"","ocean_menu_link_background":"","ocean_menu_link_hover_background":"","ocean_menu_link_active_background":"","ocean_menu_social_links_bg":"","ocean_menu_social_hover_links_bg":"","ocean_menu_social_links_color":"","ocean_menu_social_hover_links_color":"","ocean_disable_title":"default","ocean_disable_heading":"default","ocean_post_title":"","ocean_post_subheading":"","ocean_post_title_style":"","ocean_post_title_background_color":"","ocean_post_title_background":0,"ocean_post_title_bg_image_position":"","ocean_post_title_bg_image_attachment":"","ocean_post_title_bg_image_repeat":"","ocean_post_title_bg_image_size":"","ocean_post_title_height":0,"ocean_post_title_bg_overlay":0.5,"ocean_post_title_bg_overlay_color":"","ocean_disable_breadcrumbs":"default","ocean_breadcrumbs_color":"","ocean_breadcrumbs_separator_color":"","ocean_breadcrumbs_links_color":"","ocean_breadcrumbs_links_hover_color":"","ocean_display_footer_widgets":"default","ocean_display_footer_bottom":"default","ocean_custom_footer_template":"","ocean_post_oembed":"","ocean_post_self_hosted_media":"","ocean_post_video_embed":"","ocean_link_format":"","ocean_link_format_target":"self","ocean_quote_format":"","ocean_quote_format_link":"post","ocean_gallery_link_images":"on","ocean_gallery_id":[],"footnotes":""},"categories":[1],"tags":[41,24,52,43,53],"class_list":["post-1914","post","type-post","status-publish","format-standard","has-post-thumbnail","hentry","category-allgemein","tag-fotowettbewerb","tag-kronsforde","tag-kultur","tag-kultursommertag","tag-kunst","entry","has-media"],"_links":{"self":[{"href":"https:\/\/ini-hl-land.de\/index.php?rest_route=\/wp\/v2\/posts\/1914","targetHints":{"allow":["GET"]}}],"collection":[{"href":"https:\/\/ini-hl-land.de\/index.php?rest_route=\/wp\/v2\/posts"}],"about":[{"href":"https:\/\/ini-hl-land.de\/index.php?rest_route=\/wp\/v2\/types\/post"}],"author":[{"embeddable":true,"href":"https:\/\/ini-hl-land.de\/index.php?rest_route=\/wp\/v2\/users\/3"}],"replies":[{"embeddable":true,"href":"https:\/\/ini-hl-land.de\/index.php?rest_route=%2Fwp%2Fv2%2Fcomments&post=1914"}],"version-history":[{"count":5,"href":"https:\/\/ini-hl-land.de\/index.php?rest_route=\/wp\/v2\/posts\/1914\/revisions"}],"predecessor-version":[{"id":1922,"href":"https:\/\/ini-hl-land.de\/index.php?rest_route=\/wp\/v2\/posts\/1914\/revisions\/1922"}],"wp:featuredmedia":[{"embeddable":true,"href":"https:\/\/ini-hl-land.de\/index.php?rest_route=\/wp\/v2\/media\/1210"}],"wp:attachment":[{"href":"https:\/\/ini-hl-land.de\/index.php?rest_route=%2Fwp%2Fv2%2Fmedia&parent=1914"}],"wp:term":[{"taxonomy":"category","embeddable":true,"href":"https:\/\/ini-hl-land.de\/index.php?rest_route=%2Fwp%2Fv2%2Fcategories&post=1914"},{"taxonomy":"post_tag","embeddable":true,"href":"https:\/\/ini-hl-land.de\/index.php?rest_route=%2Fwp%2Fv2%2Ftags&post=1914"}],"curies":[{"name":"wp","href":"https:\/\/api.w.org\/{rel}","templated":true}]}}