{"id":1429,"date":"2016-02-25T14:02:26","date_gmt":"2016-02-25T13:02:26","guid":{"rendered":"http:\/\/www.ini-hl-land.de\/?p=1429"},"modified":"2016-02-25T14:03:24","modified_gmt":"2016-02-25T13:03:24","slug":"arbeitsgespraech-verkehr-2","status":"publish","type":"post","link":"https:\/\/ini-hl-land.de\/?p=1429","title":{"rendered":"Arbeitsgespr\u00e4ch Verkehr"},"content":{"rendered":"<p style=\"margin: 0cm; margin-bottom: .0001pt;\">Am Dienstag, den 23. Februar 2016 trafen sich Mitglieder der Arbeitsgruppe &#8222;Verkehr&#8220; um Informationen auszutauschen.<\/p>\n<p style=\"margin: 0cm; margin-bottom: .0001pt;\">Zun\u00e4chst stellte Detlev Stolzenberg vor, welche Ma\u00dfnahmen aus dem Verkehrskonzept von 2013 bereits umgesetzt wurden.<\/p>\n<p style=\"margin: 0cm; margin-bottom: .0001pt;\">Der Ma\u00dfnahmenplan soll anhand der Erfahrungen aus den letzten Jahren und erkannten Notwendigkeiten aktualisiert werden. Es wurde z.B. festgestellt, dass gerade zum Thema Geschwindigkeitsbeschr\u00e4nkungen die Lager im Ort gespalten sind. Das Konzept soll auch daraufhin noch einmal \u00fcberpr\u00fcft und gegebenenfalls angepasst werden.<\/p>\n<p style=\"margin: 0cm; margin-bottom: .0001pt;\">Veit Morgenroth berichtete kurz \u00fcber die Auswertung der in den Geschwindigkeitsmesstafeln gespeicherten Messwerte. Sie ergab, dass die angeordneten Geschwindigkeiten an den Ortseinfahrten in hohem Ma\u00dfe nicht eingehalten werden.<\/p>\n<p style=\"margin: 0cm; margin-bottom: .0001pt;\">Da bauliche Ma\u00dfnahmen sowohl von Sicherungsma\u00dfnahmen als auch f\u00fcr eine Verbesserung der Bushaltestelle im Haushaltsplan der Hansestadt L\u00fcbeck f\u00fcr das Haushaltsjahr 2016 nicht eingeplant sind, ist eine Vorstellung des Ma\u00dfnahmenplans vor dem Bauausschuss vor den Sommerferien 2016 geplant.<\/p>\n<p style=\"margin: 0cm; margin-bottom: .0001pt;\">\n","protected":false},"excerpt":{"rendered":"<p>Am Dienstag, den 23. Februar 2016 trafen sich Mitglieder der Arbeitsgruppe &#8222;Verkehr&#8220; um Informationen auszutauschen. Zun\u00e4chst stellte Detlev Stolzenberg vor, welche Ma\u00dfnahmen aus dem Verkehrskonzept von 2013 bereits umgesetzt wurden. Der Ma\u00dfnahmenplan soll anhand der Erfahrungen aus den letzten Jahren und erkannten Notwendigkeiten aktualisiert werden. Es wurde z.B. festgestellt, dass gerade zum Thema Geschwindigkeitsbeschr\u00e4nkungen die [&hellip;]<\/p>\n","protected":false},"author":3,"featured_media":1029,"comment_status":"open","ping_status":"open","sticky":false,"template":"","format":"standard","meta":{"ocean_post_layout":"","ocean_both_sidebars_style":"","ocean_both_sidebars_content_width":0,"ocean_both_sidebars_sidebars_width":0,"ocean_sidebar":"","ocean_second_sidebar":"","ocean_disable_margins":"enable","ocean_add_body_class":"","ocean_shortcode_before_top_bar":"","ocean_shortcode_after_top_bar":"","ocean_shortcode_before_header":"","ocean_shortcode_after_header":"","ocean_has_shortcode":"","ocean_shortcode_after_title":"","ocean_shortcode_before_footer_widgets":"","ocean_shortcode_after_footer_widgets":"","ocean_shortcode_before_footer_bottom":"","ocean_shortcode_after_footer_bottom":"","ocean_display_top_bar":"default","ocean_display_header":"default","ocean_header_style":"","ocean_center_header_left_menu":"","ocean_custom_header_template":"","ocean_custom_logo":0,"ocean_custom_retina_logo":0,"ocean_custom_logo_max_width":0,"ocean_custom_logo_tablet_max_width":0,"ocean_custom_logo_mobile_max_width":0,"ocean_custom_logo_max_height":0,"ocean_custom_logo_tablet_max_height":0,"ocean_custom_logo_mobile_max_height":0,"ocean_header_custom_menu":"","ocean_menu_typo_font_family":"","ocean_menu_typo_font_subset":"","ocean_menu_typo_font_size":0,"ocean_menu_typo_font_size_tablet":0,"ocean_menu_typo_font_size_mobile":0,"ocean_menu_typo_font_size_unit":"px","ocean_menu_typo_font_weight":"","ocean_menu_typo_font_weight_tablet":"","ocean_menu_typo_font_weight_mobile":"","ocean_menu_typo_transform":"","ocean_menu_typo_transform_tablet":"","ocean_menu_typo_transform_mobile":"","ocean_menu_typo_line_height":0,"ocean_menu_typo_line_height_tablet":0,"ocean_menu_typo_line_height_mobile":0,"ocean_menu_typo_line_height_unit":"","ocean_menu_typo_spacing":0,"ocean_menu_typo_spacing_tablet":0,"ocean_menu_typo_spacing_mobile":0,"ocean_menu_typo_spacing_unit":"","ocean_menu_link_color":"","ocean_menu_link_color_hover":"","ocean_menu_link_color_active":"","ocean_menu_link_background":"","ocean_menu_link_hover_background":"","ocean_menu_link_active_background":"","ocean_menu_social_links_bg":"","ocean_menu_social_hover_links_bg":"","ocean_menu_social_links_color":"","ocean_menu_social_hover_links_color":"","ocean_disable_title":"default","ocean_disable_heading":"default","ocean_post_title":"","ocean_post_subheading":"","ocean_post_title_style":"","ocean_post_title_background_color":"","ocean_post_title_background":0,"ocean_post_title_bg_image_position":"","ocean_post_title_bg_image_attachment":"","ocean_post_title_bg_image_repeat":"","ocean_post_title_bg_image_size":"","ocean_post_title_height":0,"ocean_post_title_bg_overlay":0.5,"ocean_post_title_bg_overlay_color":"","ocean_disable_breadcrumbs":"default","ocean_breadcrumbs_color":"","ocean_breadcrumbs_separator_color":"","ocean_breadcrumbs_links_color":"","ocean_breadcrumbs_links_hover_color":"","ocean_display_footer_widgets":"default","ocean_display_footer_bottom":"default","ocean_custom_footer_template":"","ocean_post_oembed":"","ocean_post_self_hosted_media":"","ocean_post_video_embed":"","ocean_link_format":"","ocean_link_format_target":"self","ocean_quote_format":"","ocean_quote_format_link":"post","ocean_gallery_link_images":"on","ocean_gallery_id":[],"footnotes":""},"categories":[1],"tags":[24,80],"class_list":["post-1429","post","type-post","status-publish","format-standard","has-post-thumbnail","hentry","category-allgemein","tag-kronsforde","tag-verkehr","entry","has-media"],"_links":{"self":[{"href":"https:\/\/ini-hl-land.de\/index.php?rest_route=\/wp\/v2\/posts\/1429","targetHints":{"allow":["GET"]}}],"collection":[{"href":"https:\/\/ini-hl-land.de\/index.php?rest_route=\/wp\/v2\/posts"}],"about":[{"href":"https:\/\/ini-hl-land.de\/index.php?rest_route=\/wp\/v2\/types\/post"}],"author":[{"embeddable":true,"href":"https:\/\/ini-hl-land.de\/index.php?rest_route=\/wp\/v2\/users\/3"}],"replies":[{"embeddable":true,"href":"https:\/\/ini-hl-land.de\/index.php?rest_route=%2Fwp%2Fv2%2Fcomments&post=1429"}],"version-history":[{"count":3,"href":"https:\/\/ini-hl-land.de\/index.php?rest_route=\/wp\/v2\/posts\/1429\/revisions"}],"predecessor-version":[{"id":1455,"href":"https:\/\/ini-hl-land.de\/index.php?rest_route=\/wp\/v2\/posts\/1429\/revisions\/1455"}],"wp:featuredmedia":[{"embeddable":true,"href":"https:\/\/ini-hl-land.de\/index.php?rest_route=\/wp\/v2\/media\/1029"}],"wp:attachment":[{"href":"https:\/\/ini-hl-land.de\/index.php?rest_route=%2Fwp%2Fv2%2Fmedia&parent=1429"}],"wp:term":[{"taxonomy":"category","embeddable":true,"href":"https:\/\/ini-hl-land.de\/index.php?rest_route=%2Fwp%2Fv2%2Fcategories&post=1429"},{"taxonomy":"post_tag","embeddable":true,"href":"https:\/\/ini-hl-land.de\/index.php?rest_route=%2Fwp%2Fv2%2Ftags&post=1429"}],"curies":[{"name":"wp","href":"https:\/\/api.w.org\/{rel}","templated":true}]}}