{"id":1187,"date":"2015-08-31T21:00:31","date_gmt":"2015-08-31T19:00:31","guid":{"rendered":"http:\/\/ini-hl-land.de\/?p=1187"},"modified":"2020-03-09T14:22:15","modified_gmt":"2020-03-09T13:22:15","slug":"1187","status":"publish","type":"post","link":"https:\/\/ini-hl-land.de\/?p=1187","title":{"rendered":"1. Kultursommertag am Kanal &#8211; ein gro\u00dfes Dankesch\u00f6n an alle Akteure"},"content":{"rendered":"<p>Es war ein Experiment. Der junge gemeinn\u00fctzige Stadtteilverein \u201eInitiative f\u00fcr L\u00fcbecks l\u00e4ndlichen Raum\u201c veranstaltete am 29. August 2015 den ersten Kultursommertag am Kanal. Das Konzept ging auf. Die Veranstaltung zog mehrere Hundert G\u00e4ste an. Kultursenatorin Kathrin Weiher, die die Schirmherrschaft \u00fcbernommen hatte, war von der Vielfalt und den Angeboten in L\u00fcbecks S\u00fcden beeindruckt. F\u00fcr sie war\u00a0dies die erste Gelegenheit zur\u00a0Entdeckung des s\u00fcdlichen Raumes. \u201eDer l\u00e4ndliche Raum liegt mir am Herzen und muss attraktiv f\u00fcr junge und alte Menschen bleiben. Die verschiedenen Orte haben die gleichen Herausforderungen und m\u00fcssen sich zusammen tun, um sich zu\u00a0artikulieren, was sie wollen und wie sie sich\u00a0ihr Umfeld vorstellen. Der neue Verein leistet wichtige Arbeit. Stadtverwaltung und Politik m\u00fcssen da schon einmal angesto\u00dfen werden. Diese Veranstaltung findet ihre Zuh\u00f6rer und Multiplikatoren.\u201c<\/p>\n<p>Initiator Detlev Stolzenberg stellte dann auch klar, dass der Kultursommertag kein herk\u00f6mmliches Kulturfest sei. &#8222;Es geht darum, die vielen\u00a0Angebote, die L\u00fcbecks S\u00fcden bietet, kennenzulernen.\u00a0Und es geht darum, die Angebote bekanntzumachen und die Akteure untereinander zu vernetzen.&#8220;<\/p>\n<p>Der erste Kultursommertag war ein bunter Basar von Kulturtr\u00e4gern und Kunstschaffenden aus der Region und erreichte die Menschen. Der Veranstalter zog eine positive Bilanz. &#8222;Das miteinander ins Gespr\u00e4ch kommen ist gelungen. Im n\u00e4chsten Jahr wird es einen zweiten Kultursommertag am Kanal geben.&#8220;<\/p>\n<p>Die Reden zur Begr\u00fc\u00dfung und Er\u00f6ffnung (6:34 Minuten) k\u00f6nnen hier nachgeh\u00f6rt werden.<\/p>\n<audio class=\"wp-audio-shortcode\" id=\"audio-1187-1\" preload=\"none\" style=\"width: 100%;\" controls=\"controls\"><source type=\"audio\/wav\" src=\"http:\/\/ini-hl-land.de\/wp-content\/uploads\/2015\/08\/KST2015Eroeffnung.wav?_=1\" \/><a href=\"http:\/\/ini-hl-land.de\/wp-content\/uploads\/2015\/08\/KST2015Eroeffnung.wav\">http:\/\/ini-hl-land.de\/wp-content\/uploads\/2015\/08\/KST2015Eroeffnung.wav<\/a><\/audio>\n","protected":false},"excerpt":{"rendered":"<p>Es war ein Experiment. Der junge gemeinn\u00fctzige Stadtteilverein \u201eInitiative f\u00fcr L\u00fcbecks l\u00e4ndlichen Raum\u201c veranstaltete am 29. August 2015 den ersten Kultursommertag am Kanal. Das Konzept ging auf. Die Veranstaltung zog mehrere Hundert G\u00e4ste an. Kultursenatorin Kathrin Weiher, die die Schirmherrschaft \u00fcbernommen hatte, war von der Vielfalt und den Angeboten in L\u00fcbecks S\u00fcden beeindruckt. F\u00fcr sie [&hellip;]<\/p>\n","protected":false},"author":2,"featured_media":1185,"comment_status":"open","ping_status":"open","sticky":false,"template":"","format":"standard","meta":{"ocean_post_layout":"","ocean_both_sidebars_style":"","ocean_both_sidebars_content_width":0,"ocean_both_sidebars_sidebars_width":0,"ocean_sidebar":"","ocean_second_sidebar":"","ocean_disable_margins":"enable","ocean_add_body_class":"","ocean_shortcode_before_top_bar":"","ocean_shortcode_after_top_bar":"","ocean_shortcode_before_header":"","ocean_shortcode_after_header":"","ocean_has_shortcode":"","ocean_shortcode_after_title":"","ocean_shortcode_before_footer_widgets":"","ocean_shortcode_after_footer_widgets":"","ocean_shortcode_before_footer_bottom":"","ocean_shortcode_after_footer_bottom":"","ocean_display_top_bar":"default","ocean_display_header":"default","ocean_header_style":"","ocean_center_header_left_menu":"","ocean_custom_header_template":"","ocean_custom_logo":0,"ocean_custom_retina_logo":0,"ocean_custom_logo_max_width":0,"ocean_custom_logo_tablet_max_width":0,"ocean_custom_logo_mobile_max_width":0,"ocean_custom_logo_max_height":0,"ocean_custom_logo_tablet_max_height":0,"ocean_custom_logo_mobile_max_height":0,"ocean_header_custom_menu":"","ocean_menu_typo_font_family":"","ocean_menu_typo_font_subset":"","ocean_menu_typo_font_size":0,"ocean_menu_typo_font_size_tablet":0,"ocean_menu_typo_font_size_mobile":0,"ocean_menu_typo_font_size_unit":"px","ocean_menu_typo_font_weight":"","ocean_menu_typo_font_weight_tablet":"","ocean_menu_typo_font_weight_mobile":"","ocean_menu_typo_transform":"","ocean_menu_typo_transform_tablet":"","ocean_menu_typo_transform_mobile":"","ocean_menu_typo_line_height":0,"ocean_menu_typo_line_height_tablet":0,"ocean_menu_typo_line_height_mobile":0,"ocean_menu_typo_line_height_unit":"","ocean_menu_typo_spacing":0,"ocean_menu_typo_spacing_tablet":0,"ocean_menu_typo_spacing_mobile":0,"ocean_menu_typo_spacing_unit":"","ocean_menu_link_color":"","ocean_menu_link_color_hover":"","ocean_menu_link_color_active":"","ocean_menu_link_background":"","ocean_menu_link_hover_background":"","ocean_menu_link_active_background":"","ocean_menu_social_links_bg":"","ocean_menu_social_hover_links_bg":"","ocean_menu_social_links_color":"","ocean_menu_social_hover_links_color":"","ocean_disable_title":"default","ocean_disable_heading":"default","ocean_post_title":"","ocean_post_subheading":"","ocean_post_title_style":"","ocean_post_title_background_color":"","ocean_post_title_background":0,"ocean_post_title_bg_image_position":"","ocean_post_title_bg_image_attachment":"","ocean_post_title_bg_image_repeat":"","ocean_post_title_bg_image_size":"","ocean_post_title_height":0,"ocean_post_title_bg_overlay":0.5,"ocean_post_title_bg_overlay_color":"","ocean_disable_breadcrumbs":"default","ocean_breadcrumbs_color":"","ocean_breadcrumbs_separator_color":"","ocean_breadcrumbs_links_color":"","ocean_breadcrumbs_links_hover_color":"","ocean_display_footer_widgets":"default","ocean_display_footer_bottom":"default","ocean_custom_footer_template":"","ocean_post_oembed":"","ocean_post_self_hosted_media":"","ocean_post_video_embed":"","ocean_link_format":"","ocean_link_format_target":"self","ocean_quote_format":"","ocean_quote_format_link":"post","ocean_gallery_link_images":"on","ocean_gallery_id":[],"footnotes":""},"categories":[1],"tags":[52,43],"class_list":["post-1187","post","type-post","status-publish","format-standard","has-post-thumbnail","hentry","category-allgemein","tag-kultur","tag-kultursommertag","entry","has-media"],"_links":{"self":[{"href":"https:\/\/ini-hl-land.de\/index.php?rest_route=\/wp\/v2\/posts\/1187","targetHints":{"allow":["GET"]}}],"collection":[{"href":"https:\/\/ini-hl-land.de\/index.php?rest_route=\/wp\/v2\/posts"}],"about":[{"href":"https:\/\/ini-hl-land.de\/index.php?rest_route=\/wp\/v2\/types\/post"}],"author":[{"embeddable":true,"href":"https:\/\/ini-hl-land.de\/index.php?rest_route=\/wp\/v2\/users\/2"}],"replies":[{"embeddable":true,"href":"https:\/\/ini-hl-land.de\/index.php?rest_route=%2Fwp%2Fv2%2Fcomments&post=1187"}],"version-history":[{"count":2,"href":"https:\/\/ini-hl-land.de\/index.php?rest_route=\/wp\/v2\/posts\/1187\/revisions"}],"predecessor-version":[{"id":2089,"href":"https:\/\/ini-hl-land.de\/index.php?rest_route=\/wp\/v2\/posts\/1187\/revisions\/2089"}],"wp:featuredmedia":[{"embeddable":true,"href":"https:\/\/ini-hl-land.de\/index.php?rest_route=\/wp\/v2\/media\/1185"}],"wp:attachment":[{"href":"https:\/\/ini-hl-land.de\/index.php?rest_route=%2Fwp%2Fv2%2Fmedia&parent=1187"}],"wp:term":[{"taxonomy":"category","embeddable":true,"href":"https:\/\/ini-hl-land.de\/index.php?rest_route=%2Fwp%2Fv2%2Fcategories&post=1187"},{"taxonomy":"post_tag","embeddable":true,"href":"https:\/\/ini-hl-land.de\/index.php?rest_route=%2Fwp%2Fv2%2Ftags&post=1187"}],"curies":[{"name":"wp","href":"https:\/\/api.w.org\/{rel}","templated":true}]}}